{"id":1001,"date":"2021-09-06T17:40:56","date_gmt":"2021-09-06T15:40:56","guid":{"rendered":"https:\/\/www.pariopportunitagubbio.it\/?p=1001"},"modified":"2021-09-18T09:38:30","modified_gmt":"2021-09-18T07:38:30","slug":"i-am-io-sono-12-09-2021","status":"publish","type":"post","link":"http:\/\/www.pariopportunitagubbio.it\/index.php\/2021\/09\/i-am-io-sono-12-09-2021\/","title":{"rendered":"I am (io sono) &#8211; 12.09.2021"},"content":{"rendered":"\n<p>Palazzo Ducale di Gubbio (PG)<\/p>\n\n\n\n<figure class=\"wp-block-image size-large is-resized\"><img loading=\"lazy\" decoding=\"async\" src=\"https:\/\/www.pariopportunitagubbio.it\/wp-content\/uploads\/2021\/09\/Locandina-710x1004.jpeg\" alt=\"\" class=\"wp-image-1002\" width=\"533\" height=\"753\" srcset=\"http:\/\/www.pariopportunitagubbio.it\/wp-content\/uploads\/2021\/09\/Locandina-710x1004.jpeg 710w, http:\/\/www.pariopportunitagubbio.it\/wp-content\/uploads\/2021\/09\/Locandina-211x299.jpeg 211w, http:\/\/www.pariopportunitagubbio.it\/wp-content\/uploads\/2021\/09\/Locandina-768x1086.jpeg 768w, http:\/\/www.pariopportunitagubbio.it\/wp-content\/uploads\/2021\/09\/Locandina-219x310.jpeg 219w, http:\/\/www.pariopportunitagubbio.it\/wp-content\/uploads\/2021\/09\/Locandina-1086x1536.jpeg 1086w, http:\/\/www.pariopportunitagubbio.it\/wp-content\/uploads\/2021\/09\/Locandina.jpeg 1414w\" sizes=\"auto, (max-width: 533px) 100vw, 533px\" \/><\/figure>\n\n\n\n<h5>&nbsp;<\/h5>\n<h3 class=\"wp-block-preformatted\" style=\"text-align: justify;\">La Commissione Pari Opportunit\u00e0 del Comune di Gubbio, nell&#8217;ambito della sua programmazione annuale, invita la cittadinanza a partecipare all&#8217;evento gratuito: &#8220;I AM (IO SONO) primo studio&#8221; presso il Palazzo Ducale di Gubbio.<\/h3>\n<h4 class=\"wp-block-preformatted\" style=\"text-align: justify;\">&#8220;Qual \u00e8 il modello contemporaneo di \u201cnormalit\u00e0\u201d? Chi lo ha definito? Si pu\u00f2 rintracciare in una forza, un oggetto, in pi\u00f9 oggetti, in persone? Cos\u2019\u00e8 intimo per l\u2019essere umano? Cosa \u00e8 tab\u00f9? Cosa non \u00e8 accettabile esporre? Perch\u00e9 la propria esposizione emotiva \u00e8 inadeguata per la giusta immagine di s\u00e9?&#8221;<\/h4>\n<h3 class=\"wp-block-preformatted\" style=\"text-align: justify;\">Da un\u2019idea di c.l. Grugher, Carmela De Marte, Maddalena Vantaggi<\/h3>\n<h3 class=\"wp-block-preformatted\" style=\"text-align: justify;\">Costumi Claudia Biscarini<\/h3>\n<h3 class=\"wp-block-preformatted\" style=\"text-align: justify;\">Aiuto regia Chiara Acaccia<\/h3>\n<h3 class=\"wp-block-preformatted\" style=\"text-align: justify;\">Con Carmela De Marte<\/h3>\n<h3 class=\"wp-block-preformatted\" style=\"text-align: justify;\">Regia c.l. Grugher<\/h3>\n<h3 class=\"wp-block-preformatted\" style=\"text-align: justify;\">Caviardage e progetto fotografico <a href=\"https:\/\/www.instagram.com\/riccardoruspi\/\">Riccardo Ruspi<\/a><\/h3>\n<h3 class=\"wp-block-preformatted\" style=\"text-align: justify;\">Produzione <a href=\"https:\/\/www.facebook.com\/malaumbrateatro.it\">MalaUmbra Teatro<\/a><\/h3>\n<h3 class=\"wp-block-preformatted\" style=\"text-align: justify;\">Progetto vincitore Festival Storie Interdette 2020<\/h3>\n<h3 class=\"wp-block-preformatted\" style=\"text-align: justify;\">L&#8217;evento si svolger\u00e0 in due turni, rispettivamente alle 16 e alle 17:30, per permetterne la visione al maggior numero di persone interessate.<\/h3>\n<h3 class=\"wp-block-preformatted\" style=\"text-align: justify;\">Ad ogni turno potranno essere presenti max 40 persone quindi \u00e8 raccomandata la prenotazione al numero <span style=\"text-decoration: underline;\">3494975347<\/span><\/h3>\n","protected":false},"excerpt":{"rendered":"<p>Palazzo Ducale di Gubbio (PG) &nbsp; La Commissione Pari Opportunit\u00e0 del Comune di Gubbio, nell&#8217;ambito della sua programmazione annuale, invita la cittadinanza a partecipare all&#8217;evento gratuito: &#8220;I AM (IO SONO) primo studio&#8221; presso il Palazzo Ducale di Gubbio. &#8220;Qual \u00e8 il modello contemporaneo di \u201cnormalit\u00e0\u201d? Chi lo ha definito? Si pu\u00f2 rintracciare in una forza, [&hellip;]<\/p>\n","protected":false},"author":2,"featured_media":1002,"comment_status":"closed","ping_status":"closed","sticky":false,"template":"","format":"standard","meta":{"_monsterinsights_skip_tracking":false,"_monsterinsights_sitenote_active":false,"_monsterinsights_sitenote_note":"","_monsterinsights_sitenote_category":0,"ngg_post_thumbnail":0,"footnotes":""},"categories":[5,4,3],"tags":[67,41,9,11,22,66,10,68,47],"class_list":["post-1001","post","type-post","status-publish","format-standard","has-post-thumbnail","hentry","category-eventi","category-in-evidenza","category-notizie","tag-arte","tag-cpo-gubbio","tag-donne","tag-foto","tag-gubbio","tag-palazzoducale","tag-pariopportunita","tag-paritadigenere","tag-teatro"],"_links":{"self":[{"href":"http:\/\/www.pariopportunitagubbio.it\/index.php\/wp-json\/wp\/v2\/posts\/1001","targetHints":{"allow":["GET"]}}],"collection":[{"href":"http:\/\/www.pariopportunitagubbio.it\/index.php\/wp-json\/wp\/v2\/posts"}],"about":[{"href":"http:\/\/www.pariopportunitagubbio.it\/index.php\/wp-json\/wp\/v2\/types\/post"}],"author":[{"embeddable":true,"href":"http:\/\/www.pariopportunitagubbio.it\/index.php\/wp-json\/wp\/v2\/users\/2"}],"replies":[{"embeddable":true,"href":"http:\/\/www.pariopportunitagubbio.it\/index.php\/wp-json\/wp\/v2\/comments?post=1001"}],"version-history":[{"count":11,"href":"http:\/\/www.pariopportunitagubbio.it\/index.php\/wp-json\/wp\/v2\/posts\/1001\/revisions"}],"predecessor-version":[{"id":1022,"href":"http:\/\/www.pariopportunitagubbio.it\/index.php\/wp-json\/wp\/v2\/posts\/1001\/revisions\/1022"}],"wp:featuredmedia":[{"embeddable":true,"href":"http:\/\/www.pariopportunitagubbio.it\/index.php\/wp-json\/wp\/v2\/media\/1002"}],"wp:attachment":[{"href":"http:\/\/www.pariopportunitagubbio.it\/index.php\/wp-json\/wp\/v2\/media?parent=1001"}],"wp:term":[{"taxonomy":"category","embeddable":true,"href":"http:\/\/www.pariopportunitagubbio.it\/index.php\/wp-json\/wp\/v2\/categories?post=1001"},{"taxonomy":"post_tag","embeddable":true,"href":"http:\/\/www.pariopportunitagubbio.it\/index.php\/wp-json\/wp\/v2\/tags?post=1001"}],"curies":[{"name":"wp","href":"https:\/\/api.w.org\/{rel}","templated":true}]}}