{"id":772,"date":"2021-03-09T22:07:05","date_gmt":"2021-03-09T21:07:05","guid":{"rendered":"http:\/\/www.pariopportunitagubbio.it\/?p=772"},"modified":"2021-03-10T22:50:59","modified_gmt":"2021-03-10T21:50:59","slug":"dibattito-con-vera-gheno","status":"publish","type":"post","link":"http:\/\/www.pariopportunitagubbio.it\/index.php\/2021\/03\/dibattito-con-vera-gheno\/","title":{"rendered":"Dibattito con Vera Gheno"},"content":{"rendered":"\n<div class=\"wp-block-image\"><figure class=\"aligncenter size-medium\"><img loading=\"lazy\" decoding=\"async\" width=\"299\" height=\"299\" src=\"http:\/\/www.pariopportunitagubbio.it\/wp-content\/uploads\/2021\/03\/282B0ADB-F29A-4A2C-BA14-0823A21FB83C-299x299.png\" alt=\"\" class=\"wp-image-771\" srcset=\"http:\/\/www.pariopportunitagubbio.it\/wp-content\/uploads\/2021\/03\/282B0ADB-F29A-4A2C-BA14-0823A21FB83C-299x299.png 299w, http:\/\/www.pariopportunitagubbio.it\/wp-content\/uploads\/2021\/03\/282B0ADB-F29A-4A2C-BA14-0823A21FB83C-1004x1004.png 1004w, http:\/\/www.pariopportunitagubbio.it\/wp-content\/uploads\/2021\/03\/282B0ADB-F29A-4A2C-BA14-0823A21FB83C-150x150.png 150w, http:\/\/www.pariopportunitagubbio.it\/wp-content\/uploads\/2021\/03\/282B0ADB-F29A-4A2C-BA14-0823A21FB83C-768x768.png 768w, http:\/\/www.pariopportunitagubbio.it\/wp-content\/uploads\/2021\/03\/282B0ADB-F29A-4A2C-BA14-0823A21FB83C-310x310.png 310w, http:\/\/www.pariopportunitagubbio.it\/wp-content\/uploads\/2021\/03\/282B0ADB-F29A-4A2C-BA14-0823A21FB83C.png 1080w\" sizes=\"auto, (max-width: 299px) 100vw, 299px\" \/><figcaption><strong><a href=\"https:\/\/www.facebook.com\/events\/547112399582153?acontext=%7B%22ref_newsfeed_story_type%22%3A%22regular%22%2C%22source%22%3A%223%22%2C%22action_history%22%3A%22[%7B%5C%22surface%5C%22%3A%5C%22newsfeed%5C%22%2C%5C%22mechanism%5C%22%3A%5C%22feed_story%5C%22%2C%5C%22extra_data%5C%22%3A[]%7D]%22%7D&amp;privacy_mutation_token=eyJ0eXBlIjowLCJjcmVhdGlvbl90aW1lIjoxNjE1MzIyNTI0LCJjYWxsc2l0ZV9pZCI6MzU5MDM2MDAxOTY4NDMyfQ%3D%3D&amp;__xts__[0]=68.ARDGlBoh4DuOofu0IBatfIzs8mUjC8VW_6i7FMC34r6jaRr3va4r15E8RnYVNy-NOnYvyF3rtLyKVeAVsAqANQT3l1x3yVCJMPEeFfF3zhPBDndjOnFidMS0VBrWdDwlb7QVLV0qJ1ovLHcWHKTWrkgv_ryZ2-VVvlyPTLEJXBx55EQYREYQfaG1_JwW3ACJo2OqendbqWx8C6Bzbno1-3_EEliT1CqICFl4snX2TU_W9ncPY3fJtTwYzoXie00aVH2qhumXum3gNzj2o4UenJQ60qgO5_0\" data-type=\"URL\" data-id=\"https:\/\/www.facebook.com\/events\/547112399582153?acontext=%7B%22ref_newsfeed_story_type%22%3A%22regular%22%2C%22source%22%3A%223%22%2C%22action_history%22%3A%22[%7B%5C%22surface%5C%22%3A%5C%22newsfeed%5C%22%2C%5C%22mechanism%5C%22%3A%5C%22feed_story%5C%22%2C%5C%22extra_data%5C%22%3A[]%7D]%22%7D&amp;privacy_mutation_token=eyJ0eXBlIjowLCJjcmVhdGlvbl90aW1lIjoxNjE1MzIyNTI0LCJjYWxsc2l0ZV9pZCI6MzU5MDM2MDAxOTY4NDMyfQ%3D%3D&amp;__xts__[0]=68.ARDGlBoh4DuOofu0IBatfIzs8mUjC8VW_6i7FMC34r6jaRr3va4r15E8RnYVNy-NOnYvyF3rtLyKVeAVsAqANQT3l1x3yVCJMPEeFfF3zhPBDndjOnFidMS0VBrWdDwlb7QVLV0qJ1ovLHcWHKTWrkgv_ryZ2-VVvlyPTLEJXBx55EQYREYQfaG1_JwW3ACJo2OqendbqWx8C6Bzbno1-3_EEliT1CqICFl4snX2TU_W9ncPY3fJtTwYzoXie00aVH2qhumXum3gNzj2o4UenJQ60qgO5_0\" target=\"_blank\" rel=\"noreferrer noopener\">11 marzo ore 18:30 in diretta sulla pagina Facebook della CPO Gubbio<\/a><\/strong><\/figcaption><\/figure><\/div>\n\n\n<p class=\"justify\" style=\"text-align: justify;\">Se il linguaggio \u00e8 davvero un\u2019infrastruttura culturale che riproduce rapporti di potere, allora da qui bisogna cominciare per cambiare le cose. Se vogliamo migliorare la condizione della donna &#8211; dalle discriminazioni salariali alla violenza di genere, passando per il carico mentale e domestiche che ogni donna conosce &#8211; dobbiamo ripartire del linguaggio. Perch\u00e9 le abitudini linguistiche sono cos\u00ec importanti quando si discute di pari opportunit\u00e0? Perch\u00e9 insistere su questioni in apparenza di poco conto quando in Italia muore per femminicidio una donna ogni tre giorni? \u201cCon tutti i problemi che abbiamo\u201d, si sente talvolta dire. Eppure se non si cambia il modo di parlare non si cambia nemmeno il modo di pensare. Inoltre se la lingua evolve \u00e8 perch\u00e9 la societ\u00e0 in cui viviamo sta cambiando: fino a non molto tempo fa, infatti, la presenza delle donne era limitata in alcuni settori e posizioni lavorative, per cui la necessit\u00e0 di declinare i nomi delle professioni in maniera corretta non era cos\u00ec diffusa. Oggi che invece ci sono molte pi\u00f9 avvocate, ministre, sindache, assessore, chiamarle con il loro nome diventa un\u2019affermazione di esistenza, oltre che un\u2019operazione linguisticamente esatta.<\/p>\n\n\n<p class=\"has-text-align-left\"><br \/>Ne parleremo con <strong><a rel=\"noreferrer noopener\" href=\"https:\/\/www.facebook.com\/wanderingsociolinguist\" data-type=\"URL\" data-id=\"https:\/\/www.facebook.com\/wanderingsociolinguist\" target=\"_blank\">Vera Gheno<\/a><\/strong>, sociolinguista specializzata in comunicazione digitale. Docente all\u2019Universit\u00e0 di Firenze, Gheno ha collaborato per 20 anni con l\u2019Accademia della Crusca ed \u00e8 autrice tra gli altri del volume \u201cFemminili singolari\u201d (Effequ).<\/p>\n\n\n\n\n\n\n\n\n\n<p class=\"has-text-align-left\" style=\"text-align: justify;\">L\u2019evento \u00e8 organizzato dalla Commissione Pari Opportunit\u00e0 del Comune di Gubbio insieme all\u2019<a href=\"https:\/\/www.facebook.com\/lacittadelledonnegubbio\/\" target=\"_blank\" rel=\"noreferrer noopener\" data-type=\"URL\" data-id=\"https:\/\/www.facebook.com\/lacittadelledonnegubbio\/\">Associazione La Citt\u00e0 delle donne <\/a>con la collaborazione di <a href=\"https:\/\/www.liberamentedonna.it\/\" target=\"_blank\" rel=\"noreferrer noopener\" data-type=\"URL\" data-id=\"https:\/\/www.liberamentedonna.it\/\">Liberamente Donna ETS<\/a> e la <a href=\"https:\/\/www.facebook.com\/ReteDelleDonneAntiViolenzaOnlus\/\" target=\"_blank\" rel=\"noreferrer noopener\" data-type=\"URL\" data-id=\"https:\/\/www.facebook.com\/ReteDelleDonneAntiViolenzaOnlus\/\">Rete delle donne AntiViolenza di Perugia.<\/a><br \/><strong>L&#8217;incontro verr\u00e0 trasmesso in diretta sulla pagina <a href=\"https:\/\/www.facebook.com\/Commissione-Pari-Opportunit%C3%A0-Gubbio-111931898971386\" target=\"_blank\" rel=\"noreferrer noopener\" data-type=\"URL\" data-id=\"https:\/\/www.facebook.com\/Commissione-Pari-Opportunit%C3%A0-Gubbio-111931898971386\">Facebook della Commissione Pari Opportunit\u00e0.<\/a> <\/strong>Vi invitiamo a seguirci e a fare domande durante il dibattito che potranno essere rivolte direttamente alla ospite. Aprir\u00e0 l&#8217;incontro l&#8217;Assessora alle Pari Opportunit\u00e0 del Comune di Gubbio.<\/p>\n","protected":false},"excerpt":{"rendered":"<p>Se il linguaggio \u00e8 davvero un\u2019infrastruttura culturale che riproduce rapporti di potere, allora da qui bisogna cominciare per cambiare le cose. Se vogliamo migliorare la condizione della donna &#8211; dalle discriminazioni salariali alla violenza di genere, passando per il carico mentale e domestiche che ogni donna conosce &#8211; dobbiamo ripartire del linguaggio. Perch\u00e9 le abitudini [&hellip;]<\/p>\n","protected":false},"author":2,"featured_media":771,"comment_status":"closed","ping_status":"closed","sticky":false,"template":"","format":"standard","meta":{"_monsterinsights_skip_tracking":false,"_monsterinsights_sitenote_active":false,"_monsterinsights_sitenote_note":"","_monsterinsights_sitenote_category":0,"ngg_post_thumbnail":0,"footnotes":""},"categories":[2,5,4,3,1],"tags":[9,22,20,10,21,19,23,18],"class_list":["post-772","post","type-post","status-publish","format-standard","has-post-thumbnail","hentry","category-comunicato-stampa","category-eventi","category-in-evidenza","category-notizie","category-senza-categoria","tag-donne","tag-gubbio","tag-linguaggio","tag-pariopportunita","tag-parole","tag-sessismo","tag-sociolinguista","tag-vera-gheno"],"_links":{"self":[{"href":"http:\/\/www.pariopportunitagubbio.it\/index.php\/wp-json\/wp\/v2\/posts\/772","targetHints":{"allow":["GET"]}}],"collection":[{"href":"http:\/\/www.pariopportunitagubbio.it\/index.php\/wp-json\/wp\/v2\/posts"}],"about":[{"href":"http:\/\/www.pariopportunitagubbio.it\/index.php\/wp-json\/wp\/v2\/types\/post"}],"author":[{"embeddable":true,"href":"http:\/\/www.pariopportunitagubbio.it\/index.php\/wp-json\/wp\/v2\/users\/2"}],"replies":[{"embeddable":true,"href":"http:\/\/www.pariopportunitagubbio.it\/index.php\/wp-json\/wp\/v2\/comments?post=772"}],"version-history":[{"count":6,"href":"http:\/\/www.pariopportunitagubbio.it\/index.php\/wp-json\/wp\/v2\/posts\/772\/revisions"}],"predecessor-version":[{"id":781,"href":"http:\/\/www.pariopportunitagubbio.it\/index.php\/wp-json\/wp\/v2\/posts\/772\/revisions\/781"}],"wp:featuredmedia":[{"embeddable":true,"href":"http:\/\/www.pariopportunitagubbio.it\/index.php\/wp-json\/wp\/v2\/media\/771"}],"wp:attachment":[{"href":"http:\/\/www.pariopportunitagubbio.it\/index.php\/wp-json\/wp\/v2\/media?parent=772"}],"wp:term":[{"taxonomy":"category","embeddable":true,"href":"http:\/\/www.pariopportunitagubbio.it\/index.php\/wp-json\/wp\/v2\/categories?post=772"},{"taxonomy":"post_tag","embeddable":true,"href":"http:\/\/www.pariopportunitagubbio.it\/index.php\/wp-json\/wp\/v2\/tags?post=772"}],"curies":[{"name":"wp","href":"https:\/\/api.w.org\/{rel}","templated":true}]}}